{"id":4740,"date":"2026-09-02T11:47:36","date_gmt":"2026-09-02T11:47:36","guid":{"rendered":"https:\/\/fn.se\/stockholm\/?p=4740"},"modified":"2026-09-02T11:56:40","modified_gmt":"2026-09-02T11:56:40","slug":"demokratidagen","status":"publish","type":"post","link":"https:\/\/fn.se\/stockholm\/2026\/09\/02\/demokratidagen\/","title":{"rendered":"Demokratidagen"},"content":{"rendered":"\n<figure class=\"wp-block-image size-large is-resized\"><img loading=\"lazy\" decoding=\"async\" width=\"1024\" height=\"576\" src=\"https:\/\/fn.se\/stockholm\/wp-content\/uploads\/sites\/32\/2026\/09\/1-1024x576.png\" alt=\"\" class=\"wp-image-4741\" style=\"width:747px;height:auto\" srcset=\"https:\/\/fn.se\/stockholm\/wp-content\/uploads\/sites\/32\/2026\/09\/1-1024x576-1.png 1024w, https:\/\/fn.se\/stockholm\/wp-content\/uploads\/sites\/32\/2026\/09\/1-300x169.png 300w, https:\/\/fn.se\/stockholm\/wp-content\/uploads\/sites\/32\/2026\/09\/1-768x432.png 768w, https:\/\/fn.se\/stockholm\/wp-content\/uploads\/sites\/32\/2026\/09\/1-1536x864.png 1536w, https:\/\/fn.se\/stockholm\/wp-content\/uploads\/sites\/32\/2026\/09\/1-650x366.png 650w, https:\/\/fn.se\/stockholm\/wp-content\/uploads\/sites\/32\/2026\/09\/1.png 1920w\" sizes=\"auto, (max-width: 1024px) 100vw, 1024px\" \/><\/figure>\n\n\n\n<p class=\"wp-block-paragraph\">\ud83d\udcc5 15 september kl 18:00<\/p>\n\n\n\n<p class=\"wp-block-paragraph\">\ud83d\udccd Aulan, Folkuniversitetet<\/p>\n\n\n\n<p class=\"wp-block-paragraph\">F\u00f6r att uppm\u00e4rksamma Demokratidagen bjuder vi in till visning av dokument\u00e4rfilmen <em>Dialogpolisen<\/em> d\u00e4r f\u00e5r vi f\u00f6lja de poliser som arbetar med att v\u00e4rna om den svenska yttrandefriheten &#8211; en film som bel\u00f6nats med en Guldbagge. Efter visningen h\u00e5ller vi ett samtal med medverkande i filmen. Anm\u00e4l g\u00e4rna intresse!<\/p>\n\n\n\n<p class=\"wp-block-paragraph\"><strong>Anm\u00e4lan:<\/strong> <a href=\"http:\/\/simplesignup.se\/event\/238725-demokratidagen-filmvisning-dialogpolisen\">https:\/\/simplesignup.se\/event\/238725<\/a>&nbsp;<\/p>\n","protected":false},"excerpt":{"rendered":"<p>\ud83d\udcc5 15 september kl 18:00 \ud83d\udccd Aulan, Folkuniversitetet F\u00f6r att uppm\u00e4rksamma Demokratidagen bjuder vi in till visning av dokument\u00e4rfilmen Dialogpolisen&hellip;<\/p>\n","protected":false},"author":86,"featured_media":0,"comment_status":"open","ping_status":"open","sticky":false,"template":"","format":"standard","meta":{"_acf_changed":false,"footnotes":"","_links_to":"","_links_to_target":""},"categories":[1],"tags":[],"class_list":["post-4740","post","type-post","status-publish","format-standard","hentry","category-stockholms-fn-forening"],"acf":[],"_links":{"self":[{"href":"https:\/\/fn.se\/stockholm\/wp-json\/wp\/v2\/posts\/4740","targetHints":{"allow":["GET"]}}],"collection":[{"href":"https:\/\/fn.se\/stockholm\/wp-json\/wp\/v2\/posts"}],"about":[{"href":"https:\/\/fn.se\/stockholm\/wp-json\/wp\/v2\/types\/post"}],"author":[{"embeddable":true,"href":"https:\/\/fn.se\/stockholm\/wp-json\/wp\/v2\/users\/86"}],"replies":[{"embeddable":true,"href":"https:\/\/fn.se\/stockholm\/wp-json\/wp\/v2\/comments?post=4740"}],"version-history":[{"count":1,"href":"https:\/\/fn.se\/stockholm\/wp-json\/wp\/v2\/posts\/4740\/revisions"}],"predecessor-version":[{"id":4742,"href":"https:\/\/fn.se\/stockholm\/wp-json\/wp\/v2\/posts\/4740\/revisions\/4742"}],"wp:attachment":[{"href":"https:\/\/fn.se\/stockholm\/wp-json\/wp\/v2\/media?parent=4740"}],"wp:term":[{"taxonomy":"category","embeddable":true,"href":"https:\/\/fn.se\/stockholm\/wp-json\/wp\/v2\/categories?post=4740"},{"taxonomy":"post_tag","embeddable":true,"href":"https:\/\/fn.se\/stockholm\/wp-json\/wp\/v2\/tags?post=4740"}],"curies":[{"name":"wp","href":"https:\/\/api.w.org\/{rel}","templated":true}]}}