{"id":3914,"date":"2025-12-04T11:43:00","date_gmt":"2025-12-04T11:43:00","guid":{"rendered":"https:\/\/fn.se\/stockholm\/?p=3914"},"modified":"2025-12-04T11:46:00","modified_gmt":"2025-12-04T11:46:00","slug":"stockholms-fn-forenings-diplomutdelning%e2%9c%a8","status":"publish","type":"post","link":"https:\/\/fn.se\/stockholm\/2025\/12\/04\/stockholms-fn-forenings-diplomutdelning%e2%9c%a8\/","title":{"rendered":"Stockholms FN-f\u00f6renings Diplomutdelning\u2728"},"content":{"rendered":"\n<p><\/p>\n\n\n\n<p>Nu b\u00f6rjar det n\u00e4rma sig MR-dagen och utdelning av f\u00f6reningens MR-diplom 2025. Traditionsenligt delar f\u00f6reningen ut diplom till en person och organisation som arbetat med att uppm\u00e4rksamma och fr\u00e4mja de m\u00e4nskliga r\u00e4ttigheterna. Ni som medlemmar i f\u00f6reningen har f\u00e5tt nominera personer till detta diplom. Styrelsen vill b\u00f6rja med att tacka alla f\u00f6r de nomineringar som kommit in!<\/p>\n\n\n\n<p><br>MR-diplomet kommer att delas ut den 10 december, och f\u00f6r detta \u00e4r ni alla v\u00e4lkomna att delta digitalt! Vem\/Vilka som f\u00e5r diplomet kommer att presenteras p\u00e5 plats.<\/p>\n\n\n\n<p>Klockan: 18:00 till 19:00<br>N\u00e4r: 10 december 2025<br>Anm\u00e4lan sker via l\u00e4nken: <a href=\"http:\/\/simplesignup.se\/event\/232121-inbjudan-till-stockholms-fn-foerening-mr-diplom\">http:\/\/simplesignup.se\/event\/232121-inbjudan-till-stockholms-fn-foerening-mr-diplom<\/a><\/p>\n\n\n\n<p><br>Under kv\u00e4llen kommer vi ut\u00f6ver diplomutdelningen ocks\u00e5 f\u00e5 h\u00f6ra presentationer fr\u00e5n vinnarna samt k\u00f6ra fr\u00e5gestund och fr\u00e5gesport.<\/p>\n\n\n\n<p><\/p>\n","protected":false},"excerpt":{"rendered":"<p>Nu b\u00f6rjar det n\u00e4rma sig MR-dagen och utdelning av f\u00f6reningens MR-diplom 2025. Traditionsenligt delar f\u00f6reningen ut diplom till en person&hellip;<\/p>\n","protected":false},"author":86,"featured_media":0,"comment_status":"open","ping_status":"open","sticky":false,"template":"","format":"standard","meta":{"_acf_changed":false,"footnotes":"","_links_to":"","_links_to_target":""},"categories":[1],"tags":[],"class_list":["post-3914","post","type-post","status-publish","format-standard","hentry","category-stockholms-fn-forening"],"acf":[],"_links":{"self":[{"href":"https:\/\/fn.se\/stockholm\/wp-json\/wp\/v2\/posts\/3914","targetHints":{"allow":["GET"]}}],"collection":[{"href":"https:\/\/fn.se\/stockholm\/wp-json\/wp\/v2\/posts"}],"about":[{"href":"https:\/\/fn.se\/stockholm\/wp-json\/wp\/v2\/types\/post"}],"author":[{"embeddable":true,"href":"https:\/\/fn.se\/stockholm\/wp-json\/wp\/v2\/users\/86"}],"replies":[{"embeddable":true,"href":"https:\/\/fn.se\/stockholm\/wp-json\/wp\/v2\/comments?post=3914"}],"version-history":[{"count":6,"href":"https:\/\/fn.se\/stockholm\/wp-json\/wp\/v2\/posts\/3914\/revisions"}],"predecessor-version":[{"id":3921,"href":"https:\/\/fn.se\/stockholm\/wp-json\/wp\/v2\/posts\/3914\/revisions\/3921"}],"wp:attachment":[{"href":"https:\/\/fn.se\/stockholm\/wp-json\/wp\/v2\/media?parent=3914"}],"wp:term":[{"taxonomy":"category","embeddable":true,"href":"https:\/\/fn.se\/stockholm\/wp-json\/wp\/v2\/categories?post=3914"},{"taxonomy":"post_tag","embeddable":true,"href":"https:\/\/fn.se\/stockholm\/wp-json\/wp\/v2\/tags?post=3914"}],"curies":[{"name":"wp","href":"https:\/\/api.w.org\/{rel}","templated":true}]}}