{"id":3894,"date":"2025-11-13T08:05:14","date_gmt":"2025-11-13T08:05:14","guid":{"rendered":"https:\/\/fn.se\/stockholm\/?p=3894"},"modified":"2025-11-13T08:05:25","modified_gmt":"2025-11-13T08:05:25","slug":"sammanfattning-av-fn-dagsseminariet-2025","status":"publish","type":"post","link":"https:\/\/fn.se\/stockholm\/2025\/11\/13\/sammanfattning-av-fn-dagsseminariet-2025\/","title":{"rendered":"Sammanfattning av FN-dagsseminariet 2025"},"content":{"rendered":"\n<p>Stockholms FN- f\u00f6renings ordf\u00f6rande Maria Appelblom h\u00e4lsade alla v\u00e4lkomna och inledde med att p\u00e5minna att F\u00f6renta nationerna startade som ett fredsprojekt f\u00f6r 80 \u00e5r sen med m\u00e5let att v\u00e4rlden aldrig skulle ha krig. Trots detta ser verkligen inte ut s\u00e5 idag utan pr\u00e4glas fortfarande av konflikter och krig. D\u00e4refter tog moderatorn Anneli B\u00f6rjesson vid och presenterade temat f\u00f6r seminariet, genom att lyfta fram att FN, som sedan 1945 burit ansvaret att samla v\u00e4rldsordningen, nu st\u00e5r inf\u00f6r omfattande f\u00f6r\u00e4ndringar och utmaningar.&nbsp;<\/p>\n\n\n\n<p>Jan Eliasson talade om internationella l\u00e4get och FN:s roll i en tid d\u00e5 stormakter i h\u00f6gre grad v\u00e4ljer egenintresse framf\u00f6r multilateralt samarbete. Han konstaterade att tilltron till bist\u00e5nd, FN, solidaritet har minskat, men att organisationen trots detta g\u00f6r ett heroiskt arbete i f\u00e4lt, bland annat inom m\u00f6drav\u00e5rd och vattentillg\u00e5ng som ordnas. Han pekade p\u00e5 att FN p\u00e5minner oss om hur v\u00e4rlden borde vara, d\u00e4r utmaningen \u00e4r att minska klyftan mellan hur v\u00e4rlden \u00e4r och hur den borde vara. P\u00e5 fr\u00e5gan om FN-systemets st\u00f6rsta styrkor och svagheter lyfte Eliasson fram att organisationen vilar p\u00e5 tre pelare: fred och s\u00e4kerhet, h\u00e5llbar utveckling och m\u00e4nskliga r\u00e4ttigheter(folkr\u00e4tt), som alla st\u00f6ttar varandra. N\u00e4r dessa samspelar uppst\u00e5r den dynamik som beh\u00f6vs f\u00f6r att l\u00f6sa problem. Svagheten ligger i att FN-systemet ofta har sv\u00e5rt fullt ut f\u00f6rena dessa delar.&nbsp;<\/p>\n\n\n\n<p>Ulrika Mod\u00e9er beskrev FN som en spegel av hur v\u00e4rlden \u00e4r och hur den borde vara. M\u00e4nniskor har alltid s\u00f6kt gemenskap i gemensamma v\u00e4rderingar , och vi har mer gemensamt \u00e4n vad som skiljer oss \u00e5t. Dagens utmaningar med fattigdom, flyktingstr\u00f6mmar och konflikter kr\u00e4ver att vi st\u00e5r enade och st\u00e4rker det multilaterala samarbetet. N\u00e4r Anneli fr\u00e5gade om hur ser Globala Syd p\u00e5 den regelbaserade v\u00e4rldsordningen framkom det trots v\u00e4xande misstro i Globala Syd finns fortfarande f\u00f6rtroende p\u00e5 FN och Agenda 2030, ett gemensamt ramverk d\u00e4r man utg\u00e5r fr\u00e5n globala problem och s\u00f6ker l\u00f6sningar tillsammans. Det kommer att beh\u00f6vas nya tag\/ramverk \/variant efter 2030.&nbsp;<\/p>\n\n\n\n<p>Peter Wallensteen diskuterade alternativen f\u00f6r den globala v\u00e4rldsordningen och lyfte fram skillnader mellan Brics och FN. D\u00e4r Brics delvis g\u00e5r emot FN systemet, skalat bort pelaren om m\u00e4nskliga r\u00e4ttigheter. Resurser st\u00e5r inte i proportion till de verkliga behoven. FN f\u00e5r minst resurser fr\u00e5n Sverige samtidigt som organisationen hanterar alla problem j\u00e4mf\u00f6rt med EU och Nato som hanterar f\u00e4rre omr\u00e5den.<\/p>\n\n\n\n<p>I dagens v\u00e4rld har vi st\u00f6rre tillg\u00e4nglighet till data och statistik om l\u00e4nder, som visar att demokratier inte har krig mellan varandra om f\u00e4rre inb\u00f6rdeskrig. Det inneb\u00e4r att samarbete \u00e4r en bra f\u00f6ruts\u00e4ttning f\u00f6r m\u00e4nskliga r\u00e4ttigheter \u00e4r en grundtanke.&nbsp;<\/p>\n\n\n\n<p><strong>Panel:&nbsp;<\/strong><\/p>\n\n\n\n<p><em>FN har l\u00e4nge varit symbol f\u00f6r multilaterala ordningen &#8211; nu i kris. Hur b\u00f6r FN f\u00f6r\u00e4ndras f\u00f6r att f\u00f6rbli relevant?&nbsp;<\/em><\/p>\n\n\n\n<ul class=\"wp-block-list\">\n<li>Peter: Kofi Annans initiativ efter Irakkriget, detta drog ig\u00e5ng en reformprocess som skulle beh\u00f6vas igen.\u00a0<\/li>\n\n\n\n<li>Jan: Vi beh\u00f6ver s\u00e4tta problemet i centrum och skulle beh\u00f6va mobilisera hela FN systemet d\u00e4r de mest akuta behoven handlar om fred och s\u00e4kerhet d\u00e4r medlingsfunktionen och samarbeten m\u00e5ste st\u00e4rkas. Det \u00e4r n\u00e4r en sp\u00e4nning mellan l\u00e4nder b\u00f6rjar som medlingen m\u00e5ste inledas. Vi st\u00e5r inf\u00f6r utmaningar inom bist\u00e5nd d\u00e4r det r\u00e5der en solidaridetsbrist som l\u00e4mnar kollegor i sv\u00e5ra beslut d\u00e4r deras val har en faktisk p\u00e5verkan p\u00e5 m\u00e4nniskors \u00f6verlevnad. Vi f\u00e5r heller inte gl\u00f6mma vikten av folkr\u00e4tten, vi har traditioner av detta i Sverige som vi m\u00e5ste forts\u00e4tta st\u00e4rka. Som Olof Palme sade, \u201cRespekten f\u00f6r folkr\u00e4tten \u00e4r v\u00e5r f\u00f6rsta f\u00f6rsvarslinje.\u201d\u00a0<\/li>\n\n\n\n<li>Ulrika: Det \u00e4r n\u00f6dv\u00e4ndigt att ta h\u00e4nsyn till de nya konstellationerna och inte bara BRICS, det beh\u00f6vs en reform i s\u00e4kerhetsr\u00e5det f\u00f6r mer inkludering. Behoven g\u00e5r upp och bist\u00e5ndet g\u00e5r ner, det \u00e4r centralt att investera i konfliktf\u00f6rebyggande verksamheter. Sverige beh\u00f6ver \u00f6ka sina humanit\u00e4ra insatser f\u00f6r skapa en b\u00e4ttre m\u00f6jlighet f\u00f6r en h\u00e5llbar fred. Det skulle beh\u00f6vas en reformering av FN-organen f\u00f6r att skapa en effektivisering inom organet, detta beh\u00f6ver \u00e4ven ske i ordning och utifr\u00e5n respekt f\u00f6r FN-v\u00e4rderingar.\u00a0<\/li>\n<\/ul>\n\n\n\n<p><em>Finansieringen och det humanit\u00e4ra arbetet. Det har varit ett trendbrott senaste tiden: tidigare har givar viljan g\u00e5tt upp n\u00e4r behoven g\u00e5tt upp, inte nu l\u00e4ngre.&nbsp;<\/em><\/p>\n\n\n\n<p><em>Vad \u00e4r riskerna med os\u00e4kra spelregler?&nbsp;<\/em><\/p>\n\n\n\n<ul class=\"wp-block-list\">\n<li>Jan: P\u00e5 kort sikt \u00e4r det sv\u00e5rt att vara optimistisk, det kr\u00e4ver att man har ett l\u00e5ngsiktigt perspektiv. Generalf\u00f6rsamlingen har en roll i de stora utmaningar som pr\u00e4glar dagens v\u00e4rldsl\u00e4ge och de borde nyttja makten samt m\u00f6jligheten mer och agera f\u00f6r demokratin. I och med att Sverige nu \u00e4r med i NATO kan vi st\u00e4rka det nordiska samarbetet och arbeta mer tillsammans f\u00f6r en mer gemensam s\u00e4kerhetspolitisk bas, som exempelvis ett starkare samarbete f\u00f6r att st\u00f6tta Danmark i Gr\u00f6nlands fr\u00e5gan.\u00a0<\/li>\n\n\n\n<li>Peter: N\u00e4r stormakterna bara ser in\u00e5t s\u00e5 har det historiskt blivit krig vilket h\u00e4nde innan v\u00e4rldskrigen. Om stormakterna har h\u00e5llning om samarbete s\u00e5 beh\u00e5ller vi freden, d\u00e4r FN spelar en central roll f\u00f6r det samarbetet. Generalf\u00f6rsamlingen \u00e4r generellt sett underskattat men beh\u00f6ver reformeras, ordforande b\u00f6r sitta l\u00e4ngre \u00e4n ett \u00e5r.\u00a0<\/li>\n<\/ul>\n\n\n\n<p><em>N\u00e4sta generalsekreterare: Vilken typ av ledarskap beh\u00f6vs? F\u00f6rslag p\u00e5 kandidater.&nbsp;<\/em><\/p>\n\n\n\n<ul class=\"wp-block-list\">\n<li>Ulrika: Att det finns en risk att det blir en teknokrat, det kr\u00e4vs n\u00e5gon som \u00e4r villig att ta strider och st\u00e5 upp f\u00f6r demokratin.\u00a0<\/li>\n\n\n\n<li>Peter: Det b\u00f6r vara en yngre person, Dag Hammarskj\u00f6ld var den yngste n\u00e4r han fick rollen och byggde upp FN till en plattform som fungerade att agera i. Jag f\u00f6resl\u00e5r Nya Zeelands tidigare premi\u00e4rminister Jacinda Ardern\u00a0<\/li>\n\n\n\n<li>Jan: Det beh\u00f6vs n\u00e5gon med stort kontaktn\u00e4t som de vidare kan organisera staterna i.\u00a0<\/li>\n<\/ul>\n\n\n\n<p>Annelie: Vad kr\u00e4vs f\u00f6r att bli generalsekreterare:&nbsp;<\/p>\n\n\n\n<ul class=\"wp-block-list\">\n<li>Jan: Kofi Annan hade en fantastisk ledarstil, han h\u00f6jde aldrig r\u00f6sten men rummet stillnade. Medarbetarna k\u00e4nde sig som en del i teamet. Han visade kontinuerlig uppskattning till medarbetarna och hade ett starkt inflytande p\u00e5 medlemsstaterna.\u00a0<\/li>\n\n\n\n<li>Ulrika: En person som har f\u00f6rm\u00e5ga och kontaktn\u00e4t att l\u00f6sa upp knutarna samt kunna se fr\u00e5gan f\u00f6r att l\u00f6sa problem genom starkare diplomati och f\u00f6rhandling brett mellan medlemsl\u00e4nderna.<\/li>\n<\/ul>\n","protected":false},"excerpt":{"rendered":"<p>Stockholms FN- f\u00f6renings ordf\u00f6rande Maria Appelblom h\u00e4lsade alla v\u00e4lkomna och inledde med att p\u00e5minna att F\u00f6renta nationerna startade som ett&hellip;<\/p>\n","protected":false},"author":86,"featured_media":0,"comment_status":"open","ping_status":"open","sticky":false,"template":"","format":"standard","meta":{"_acf_changed":false,"footnotes":"","_links_to":"","_links_to_target":""},"categories":[1],"tags":[],"class_list":["post-3894","post","type-post","status-publish","format-standard","hentry","category-stockholms-fn-forening"],"acf":[],"_links":{"self":[{"href":"https:\/\/fn.se\/stockholm\/wp-json\/wp\/v2\/posts\/3894","targetHints":{"allow":["GET"]}}],"collection":[{"href":"https:\/\/fn.se\/stockholm\/wp-json\/wp\/v2\/posts"}],"about":[{"href":"https:\/\/fn.se\/stockholm\/wp-json\/wp\/v2\/types\/post"}],"author":[{"embeddable":true,"href":"https:\/\/fn.se\/stockholm\/wp-json\/wp\/v2\/users\/86"}],"replies":[{"embeddable":true,"href":"https:\/\/fn.se\/stockholm\/wp-json\/wp\/v2\/comments?post=3894"}],"version-history":[{"count":1,"href":"https:\/\/fn.se\/stockholm\/wp-json\/wp\/v2\/posts\/3894\/revisions"}],"predecessor-version":[{"id":3895,"href":"https:\/\/fn.se\/stockholm\/wp-json\/wp\/v2\/posts\/3894\/revisions\/3895"}],"wp:attachment":[{"href":"https:\/\/fn.se\/stockholm\/wp-json\/wp\/v2\/media?parent=3894"}],"wp:term":[{"taxonomy":"category","embeddable":true,"href":"https:\/\/fn.se\/stockholm\/wp-json\/wp\/v2\/categories?post=3894"},{"taxonomy":"post_tag","embeddable":true,"href":"https:\/\/fn.se\/stockholm\/wp-json\/wp\/v2\/tags?post=3894"}],"curies":[{"name":"wp","href":"https:\/\/api.w.org\/{rel}","templated":true}]}}