{"id":3886,"date":"2025-11-10T13:33:27","date_gmt":"2025-11-10T13:33:27","guid":{"rendered":"https:\/\/fn.se\/stockholm\/?p=3886"},"modified":"2025-11-24T20:05:27","modified_gmt":"2025-11-24T20:05:27","slug":"medlemsmote-och-kladbytardag","status":"publish","type":"post","link":"https:\/\/fn.se\/stockholm\/2025\/11\/10\/medlemsmote-och-kladbytardag\/","title":{"rendered":"Medlemsm\u00f6te och kl\u00e4dbytardag"},"content":{"rendered":"\n<p>Vi p\u00e5 Stockholms FN-f\u00f6rening anordnar en kl\u00e4dbytardag d\u00e4r du kan ta med hela och rena kl\u00e4der som du inte l\u00e4ngre anv\u00e4nder och byta till dig nya favoriter fr\u00e5n andras garderober. Syftet med dagen \u00e4r att uppmuntra till h\u00e5llbar konsumtion och minska m\u00e4ngden kl\u00e4der och textilier som sl\u00e4ngs. De plagg som inte v\u00e4ljs kommer att sk\u00e4nkas till  organsiationen Ny Gemenskap.<\/p>\n\n\n\n<p><strong>S\u00e5 h\u00e4r g\u00f6r du:<\/strong><\/p>\n\n\n\n<p>1. Ta med max 5 plagg, accessoarer, skor eller v\u00e4skor per person. V\u00e4lj ut fem fina plagg som du gillar men inte anv\u00e4nder. Ta bara med dig kl\u00e4der som du sj\u00e4lv skulle vilja byta till dig.&nbsp;<\/p>\n\n\n\n<p>2. L\u00e4mna in dessa n\u00e4r du kommer till eventet och f\u00e5 lika m\u00e5nga kuponger i utbyte.<\/p>\n\n\n\n<p>3. Vi uppmuntrar alla att l\u00e4mna in sina plagg och prylar redan kl. 11:00. Inl\u00e4mning sker 11-12. Vi tar inte emot plagg efter kl 12. Sj\u00e4lva kl\u00e4dbytet b\u00f6rjar f\u00f6rst kl 12:00<\/p>\n\n\n\n<p>4. Vi tar endast emot hela, rena och fr\u00e4scha plagg, s\u00e5 l\u00e4mna den urtv\u00e4ttade t-shirten, den noppriga koftan och de v\u00e4lanv\u00e4nda tightsen hemma (och t\u00e4nk g\u00e4rna p\u00e5 s\u00e4song). Inga underkl\u00e4der, bodies, pyjamas, strumpor, badrockar eller badkl\u00e4der tas emot.&nbsp;<\/p>\n\n\n\n<p>5. N\u00e4r du hittat nya favoriter \u00e4r det dags att checka ut dina saker genom att \u00e5terl\u00e4mna dina&nbsp; kuponger.&nbsp;<\/p>\n\n\n\n<p>6. Plagg som ingen v\u00e4ljer sk\u00e4nker vi till organisationen Ny Gemenskap. Du kommer allts\u00e5 inte f\u00e5 tillbaka inl\u00e4mnade kl\u00e4der.<\/p>\n\n\n\n<p><strong>Vi tar inte emot kl\u00e4der fr\u00e5n Shein eller Temu<\/strong><\/p>\n\n\n\n<p>Anm\u00e4lan via l\u00e4nk i medlemsutskick den 11 november, h\u00f6r av er om ni inte f\u00e5tt l\u00e4nken.<\/p>\n","protected":false},"excerpt":{"rendered":"<p>Vi p\u00e5 Stockholms FN-f\u00f6rening anordnar en kl\u00e4dbytardag d\u00e4r du kan ta med hela och rena kl\u00e4der som du inte l\u00e4ngre&hellip;<\/p>\n","protected":false},"author":86,"featured_media":0,"comment_status":"open","ping_status":"open","sticky":false,"template":"","format":"standard","meta":{"_acf_changed":false,"footnotes":"","_links_to":"","_links_to_target":""},"categories":[1],"tags":[],"class_list":["post-3886","post","type-post","status-publish","format-standard","hentry","category-stockholms-fn-forening"],"acf":[],"_links":{"self":[{"href":"https:\/\/fn.se\/stockholm\/wp-json\/wp\/v2\/posts\/3886","targetHints":{"allow":["GET"]}}],"collection":[{"href":"https:\/\/fn.se\/stockholm\/wp-json\/wp\/v2\/posts"}],"about":[{"href":"https:\/\/fn.se\/stockholm\/wp-json\/wp\/v2\/types\/post"}],"author":[{"embeddable":true,"href":"https:\/\/fn.se\/stockholm\/wp-json\/wp\/v2\/users\/86"}],"replies":[{"embeddable":true,"href":"https:\/\/fn.se\/stockholm\/wp-json\/wp\/v2\/comments?post=3886"}],"version-history":[{"count":3,"href":"https:\/\/fn.se\/stockholm\/wp-json\/wp\/v2\/posts\/3886\/revisions"}],"predecessor-version":[{"id":3910,"href":"https:\/\/fn.se\/stockholm\/wp-json\/wp\/v2\/posts\/3886\/revisions\/3910"}],"wp:attachment":[{"href":"https:\/\/fn.se\/stockholm\/wp-json\/wp\/v2\/media?parent=3886"}],"wp:term":[{"taxonomy":"category","embeddable":true,"href":"https:\/\/fn.se\/stockholm\/wp-json\/wp\/v2\/categories?post=3886"},{"taxonomy":"post_tag","embeddable":true,"href":"https:\/\/fn.se\/stockholm\/wp-json\/wp\/v2\/tags?post=3886"}],"curies":[{"name":"wp","href":"https:\/\/api.w.org\/{rel}","templated":true}]}}