{"id":3845,"date":"2025-10-17T07:08:00","date_gmt":"2025-10-17T07:08:00","guid":{"rendered":"https:\/\/fn.se\/stockholm\/?p=3845"},"modified":"2025-10-17T07:14:56","modified_gmt":"2025-10-17T07:14:56","slug":"%e2%9c%a8-nominera-mottagare-till-arets-mr-diplom-%e2%9c%a8","status":"publish","type":"post","link":"https:\/\/fn.se\/stockholm\/2025\/10\/17\/%e2%9c%a8-nominera-mottagare-till-arets-mr-diplom-%e2%9c%a8\/","title":{"rendered":"\u2728 Nominera mottagare till \u00e5rets MR-diplom!"},"content":{"rendered":"\n<p>Stockholms FN-f\u00f6rening delar varje \u00e5r ut MR-diplom till en enskild person och\/eller organisation som utm\u00e4rkt sig genom att fr\u00e4mja och skydda m\u00e4nskliga r\u00e4ttigheter. Var med och nominera en mottagare!<\/p>\n\n\n\n<p>Nomineringen ska ange namn och kontaktuppgifter samt en motivering varf\u00f6r pristagaren eller organisationen f\u00f6rtj\u00e4nar MR-diplom 2025. M\u00e4rk nomineringen \u201dMR-diplom 2025\u201d och skicka den till info@unastockholm.se.&nbsp;<\/p>\n\n\n\n<p>Nomineringen \u00e4r \u00f6ppen till och med 9 november.&nbsp;<\/p>\n\n\n\n<p>Diplomet kommer delas ut till mottagaren p\u00e5 internationella dagen f\u00f6r M\u00e4nskliga R\u00e4ttigheter den 10 december 2025 (mer info kommer).<\/p>\n\n\n\n<figure class=\"wp-block-image size-large is-resized\"><img loading=\"lazy\" decoding=\"async\" width=\"1024\" height=\"1024\" src=\"https:\/\/fn.se\/stockholm\/wp-content\/uploads\/sites\/32\/2025\/10\/MR-utmarkelser-2025-1024x1024.jpg\" alt=\"\" class=\"wp-image-3848\" style=\"width:402px;height:auto\" srcset=\"https:\/\/fn.se\/stockholm\/wp-content\/uploads\/sites\/32\/2025\/10\/MR-utmarkelser-2025-1024x1024.jpg 1024w, https:\/\/fn.se\/stockholm\/wp-content\/uploads\/sites\/32\/2025\/10\/MR-utmarkelser-2025-300x300.jpg 300w, https:\/\/fn.se\/stockholm\/wp-content\/uploads\/sites\/32\/2025\/10\/MR-utmarkelser-2025-150x150.jpg 150w, https:\/\/fn.se\/stockholm\/wp-content\/uploads\/sites\/32\/2025\/10\/MR-utmarkelser-2025-768x768.jpg 768w, https:\/\/fn.se\/stockholm\/wp-content\/uploads\/sites\/32\/2025\/10\/MR-utmarkelser-2025-650x650.jpg 650w, https:\/\/fn.se\/stockholm\/wp-content\/uploads\/sites\/32\/2025\/10\/MR-utmarkelser-2025.jpg 1080w\" sizes=\"auto, (max-width: 1024px) 100vw, 1024px\" \/><\/figure>\n","protected":false},"excerpt":{"rendered":"<p>Stockholms FN-f\u00f6rening delar varje \u00e5r ut MR-diplom till en enskild person och\/eller organisation som utm\u00e4rkt sig genom att fr\u00e4mja och&hellip;<\/p>\n","protected":false},"author":86,"featured_media":0,"comment_status":"open","ping_status":"open","sticky":false,"template":"","format":"standard","meta":{"_acf_changed":false,"footnotes":"","_links_to":"","_links_to_target":""},"categories":[1],"tags":[],"class_list":["post-3845","post","type-post","status-publish","format-standard","hentry","category-stockholms-fn-forening"],"acf":[],"_links":{"self":[{"href":"https:\/\/fn.se\/stockholm\/wp-json\/wp\/v2\/posts\/3845","targetHints":{"allow":["GET"]}}],"collection":[{"href":"https:\/\/fn.se\/stockholm\/wp-json\/wp\/v2\/posts"}],"about":[{"href":"https:\/\/fn.se\/stockholm\/wp-json\/wp\/v2\/types\/post"}],"author":[{"embeddable":true,"href":"https:\/\/fn.se\/stockholm\/wp-json\/wp\/v2\/users\/86"}],"replies":[{"embeddable":true,"href":"https:\/\/fn.se\/stockholm\/wp-json\/wp\/v2\/comments?post=3845"}],"version-history":[{"count":2,"href":"https:\/\/fn.se\/stockholm\/wp-json\/wp\/v2\/posts\/3845\/revisions"}],"predecessor-version":[{"id":3851,"href":"https:\/\/fn.se\/stockholm\/wp-json\/wp\/v2\/posts\/3845\/revisions\/3851"}],"wp:attachment":[{"href":"https:\/\/fn.se\/stockholm\/wp-json\/wp\/v2\/media?parent=3845"}],"wp:term":[{"taxonomy":"category","embeddable":true,"href":"https:\/\/fn.se\/stockholm\/wp-json\/wp\/v2\/categories?post=3845"},{"taxonomy":"post_tag","embeddable":true,"href":"https:\/\/fn.se\/stockholm\/wp-json\/wp\/v2\/tags?post=3845"}],"curies":[{"name":"wp","href":"https:\/\/api.w.org\/{rel}","templated":true}]}}