{"id":2968,"date":"2022-09-21T09:49:57","date_gmt":"2022-09-21T09:49:57","guid":{"rendered":"https:\/\/fn.se\/stockholm\/?p=2968"},"modified":"2022-09-23T12:45:10","modified_gmt":"2022-09-23T12:45:10","slug":"hallbar-fred-hur-uppnar-vi-det","status":"publish","type":"post","link":"https:\/\/fn.se\/stockholm\/2022\/09\/21\/hallbar-fred-hur-uppnar-vi-det\/","title":{"rendered":"H\u00c5LLBAR FRED! Hur uppn\u00e5r vi det?"},"content":{"rendered":"\n<p>Nu har du chansen att n\u00e4rvara p\u00e5 Stockholms FN-f\u00f6renings seminarium p\u00e5 F\u00f6rsvarsh\u00f6gskolan med tema fred! Vi har fyra sp\u00e4nnande talare som med olika infallsvinklar kommer ber\u00f6ra \u00e4mnet. <\/p>\n\n\n\n<p><strong>Datum<\/strong>: 28 september <br><strong>Tid<\/strong>: 9:30-13:00<br><strong>Plats<\/strong>: F\u00f6rsvarsh\u00f6gskolan (Sverige Salen)<br>Drottning Kristinas v\u00e4g 37, 114 28 Stockholm<\/p>\n\n\n\n<p><strong>Anm\u00e4lan<\/strong>:&nbsp;<a href=\"https:\/\/simplesignup.se\/event\/196244\">h\u00e4r<\/a><\/p>\n\n\n\n<p>Nedan kan du l\u00e4sa om varje talare f\u00f6r sig och deras omr\u00e5de av expertis! <\/p>\n\n\n\n<figure class=\"wp-block-image alignright size-full is-resized\"><img loading=\"lazy\" decoding=\"async\" src=\"https:\/\/fn.se\/stockholm\/wp-content\/uploads\/sites\/32\/2022\/09\/MARINA-CAPARINI-3.png\" alt=\"\" class=\"wp-image-3001\" width=\"267\" height=\"267\" srcset=\"https:\/\/fn.se\/stockholm\/wp-content\/uploads\/sites\/32\/2022\/09\/MARINA-CAPARINI-3.png 540w, https:\/\/fn.se\/stockholm\/wp-content\/uploads\/sites\/32\/2022\/09\/MARINA-CAPARINI-3-300x300.png 300w, https:\/\/fn.se\/stockholm\/wp-content\/uploads\/sites\/32\/2022\/09\/MARINA-CAPARINI-3-150x150.png 150w\" sizes=\"auto, (max-width: 267px) 100vw, 267px\" \/><\/figure>\n\n\n\n<h1 class=\"wp-block-heading\">MARINA CAPARINI&nbsp;<\/h1>\n\n\n\n<p>Dr Marina Caparini is Senior Researcher and Director of the Governance &amp; Society Programme at the Stockholm International Peace Research Institute (SIPRIh\u00e4r). She has worked on security sector governance, post-conflict and post-authoritarian transitions, and most recently, international policing and peace operations. She holds a PhD in War Studies from King\u2019s College, University of London.<\/p>\n\n\n\n<p>Dr Caparini will speak on challenges posed by organized crime and illicit markets to contemporary peace operations and efforts to help achieve a sustainable peace in conflict-affected contexts. She will draw on her findings from a recent research project conducted for the Swedish Police.<\/p>\n\n\n\n<p><\/p>\n\n\n\n<h1 class=\"wp-block-heading\">KJELL ENGELBREKT<\/h1>\n\n\n\n<figure class=\"wp-block-image alignright size-full is-resized\"><img loading=\"lazy\" decoding=\"async\" src=\"https:\/\/fn.se\/stockholm\/wp-content\/uploads\/sites\/32\/2022\/09\/KJELL-ENGELBREKT.png\" alt=\"\" class=\"wp-image-3002\" width=\"270\" height=\"270\" srcset=\"https:\/\/fn.se\/stockholm\/wp-content\/uploads\/sites\/32\/2022\/09\/KJELL-ENGELBREKT.png 540w, https:\/\/fn.se\/stockholm\/wp-content\/uploads\/sites\/32\/2022\/09\/KJELL-ENGELBREKT-300x300.png 300w, https:\/\/fn.se\/stockholm\/wp-content\/uploads\/sites\/32\/2022\/09\/KJELL-ENGELBREKT-150x150.png 150w\" sizes=\"auto, (max-width: 270px) 100vw, 270px\" \/><\/figure>\n\n\n\n<p>FNs s\u00e4kerhetsr\u00e5ds arbete f\u00f6r fred och s\u00e4kerhet.<\/p>\n\n\n\n<p>F\u00f6rel\u00e4sningen behandlar FNs s\u00e4kerhetsr\u00e5ds mandat f\u00f6r fred och&nbsp; s\u00e4kerhet och hur mandatet till\u00e4mpats och utvecklats sedan 1945. Beslutsblockering genom veto-r\u00e4tten och invalda medlemsl\u00e4nders man\u00f6verutrymme. Samspelet mellan S\u00e4kerhetsr\u00e5det och Generalf\u00f6rsamlingen under modaliteten Uniting for Peace och Lichtensteins initiativ att automatiskt h\u00e4nf\u00f6ra vetobelagda beslut till Generalf\u00f6rsamlingen. Behov och m\u00f6jlighet till reform.<\/p>\n\n\n\n<p>Kjell Engelbrekt \u00e4r dekan och professor i stadskunskap vid F\u00f6rsvarh\u00f6gskolan. Han \u00e4r medlem i Kungl. Krigsvetenskapsakademien och Utrikespolitiska samfundet. Han har forskat och f\u00f6rel\u00e4st vid ett antal internationella universitet.<\/p>\n\n\n\n<p>Engelbrekt har publicerat i ett flertal ventenskapliga tidskrifter bl.a European Law Journal, The European Legacy, Global Governance och International Politics. Han har ocks\u00e5 givit ut ett antal b\u00f6cker om &#8221;High Table Diplomacy- Reshaping International Security Institutions&#8221; , &#8221;European Participation in International Military Operations &#8211; National Decision-making and the Role och EU Institutions&#8221;, samt en utv\u00e4rdering av Sveriges medlemskap i FNs s\u00e4kerhetsr\u00e5d 2017-2018.<\/p>\n\n\n\n<figure class=\"wp-block-image alignright size-full is-resized\"><img loading=\"lazy\" decoding=\"async\" src=\"https:\/\/fn.se\/stockholm\/wp-content\/uploads\/sites\/32\/2022\/09\/MARINA-CAPARINI-4.png\" alt=\"\" class=\"wp-image-3003\" width=\"269\" height=\"269\" srcset=\"https:\/\/fn.se\/stockholm\/wp-content\/uploads\/sites\/32\/2022\/09\/MARINA-CAPARINI-4.png 540w, https:\/\/fn.se\/stockholm\/wp-content\/uploads\/sites\/32\/2022\/09\/MARINA-CAPARINI-4-300x300.png 300w, https:\/\/fn.se\/stockholm\/wp-content\/uploads\/sites\/32\/2022\/09\/MARINA-CAPARINI-4-150x150.png 150w\" sizes=\"auto, (max-width: 269px) 100vw, 269px\" \/><\/figure>\n\n\n\n<h1 class=\"wp-block-heading\">JOHANNA MANNERGREN SELIMOVIC<\/h1>\n\n\n\n<p>N\u00e4r vapnen tystnat ska freden byggas. Hur skapar man en fred som \u00e4r h\u00e5llbar, j\u00e4mst\u00e4lld och inkluderande? \u00d6verg\u00e5ngsr\u00e4ttvisa erbjuder en rad verktyg. M\u00e5let \u00e4r att hantera det f\u00f6rflutnas fasor p\u00e5 ett s\u00e4tt som skapar tilltro till en gemensam framtid.Johanna Mannergren Selimovic \u00e4r docent i freds- och utvecklingsforskning p\u00e5 S\u00f6dert\u00f6rns h\u00f6gskola. Hon forskar om fredsbyggande och \u00f6verg\u00e5ngsr\u00e4ttvisa och intresserar sig s\u00e4rskilt f\u00f6r kvinnors roll i dessa processer.<\/p>\n\n\n\n<p><\/p>\n\n\n\n<p><\/p>\n\n\n\n<figure class=\"wp-block-image alignright size-full is-resized\"><img loading=\"lazy\" decoding=\"async\" src=\"https:\/\/fn.se\/stockholm\/wp-content\/uploads\/sites\/32\/2022\/09\/tidigare-Gender-Advisor-vid-EUs-utrikestjanstP.png\" alt=\"\" class=\"wp-image-3004\" width=\"269\" height=\"269\" srcset=\"https:\/\/fn.se\/stockholm\/wp-content\/uploads\/sites\/32\/2022\/09\/tidigare-Gender-Advisor-vid-EUs-utrikestjanstP.png 540w, https:\/\/fn.se\/stockholm\/wp-content\/uploads\/sites\/32\/2022\/09\/tidigare-Gender-Advisor-vid-EUs-utrikestjanstP-300x300.png 300w, https:\/\/fn.se\/stockholm\/wp-content\/uploads\/sites\/32\/2022\/09\/tidigare-Gender-Advisor-vid-EUs-utrikestjanstP-150x150.png 150w\" sizes=\"auto, (max-width: 269px) 100vw, 269px\" \/><\/figure>\n\n\n\n<h1 class=\"wp-block-heading\">CHARLOTTE ISAKSSON&nbsp;<\/h1>\n\n\n\n<p>Titeln p\u00e5 Charlottes tal \u00e4r: EU och FN samarbete kring Kvinnor, Fred och S\u00e4kerhet &#8211; enkelt men sv\u00e5rt.&nbsp;<\/p>\n\n\n\n<p>Som institutionell entrepren\u00f6r har hon varit upphovsman och primus motor f\u00f6r flera transformativa projekt som Genderforce, som etablerade och institutionaliserade v\u00e4lk\u00e4nda strukturer, till exempel funktionen som milit\u00e4r genusr\u00e5dgivare och Gender Coach Programme. Vidare \u00e4r hon grundare av Nordic Centre for Gender in Military Operations, som \u00e4r Natos avdelningschef f\u00f6r genusutbildning sedan 2013. Hon ing\u00e5r i Advisory Board f\u00f6r Swedish International Training Centre (SWEDINT).<\/p>\n\n\n\n<p><\/p>\n\n\n\n<p><\/p>\n\n\n\n<p>Vi ses d\u00e4r!<\/p>\n","protected":false},"excerpt":{"rendered":"<p>Nu har du chansen att n\u00e4rvara p\u00e5 Stockholms FN-f\u00f6renings seminarium p\u00e5 F\u00f6rsvarsh\u00f6gskolan med tema fred! Vi har fyra sp\u00e4nnande talare&hellip;<\/p>\n","protected":false},"author":86,"featured_media":0,"comment_status":"open","ping_status":"open","sticky":false,"template":"","format":"standard","meta":{"_acf_changed":false,"footnotes":"","_links_to":"","_links_to_target":""},"categories":[4,1],"tags":[],"class_list":["post-2968","post","type-post","status-publish","format-standard","hentry","category-aktuellt","category-stockholms-fn-forening"],"acf":[],"_links":{"self":[{"href":"https:\/\/fn.se\/stockholm\/wp-json\/wp\/v2\/posts\/2968","targetHints":{"allow":["GET"]}}],"collection":[{"href":"https:\/\/fn.se\/stockholm\/wp-json\/wp\/v2\/posts"}],"about":[{"href":"https:\/\/fn.se\/stockholm\/wp-json\/wp\/v2\/types\/post"}],"author":[{"embeddable":true,"href":"https:\/\/fn.se\/stockholm\/wp-json\/wp\/v2\/users\/86"}],"replies":[{"embeddable":true,"href":"https:\/\/fn.se\/stockholm\/wp-json\/wp\/v2\/comments?post=2968"}],"version-history":[{"count":7,"href":"https:\/\/fn.se\/stockholm\/wp-json\/wp\/v2\/posts\/2968\/revisions"}],"predecessor-version":[{"id":3014,"href":"https:\/\/fn.se\/stockholm\/wp-json\/wp\/v2\/posts\/2968\/revisions\/3014"}],"wp:attachment":[{"href":"https:\/\/fn.se\/stockholm\/wp-json\/wp\/v2\/media?parent=2968"}],"wp:term":[{"taxonomy":"category","embeddable":true,"href":"https:\/\/fn.se\/stockholm\/wp-json\/wp\/v2\/categories?post=2968"},{"taxonomy":"post_tag","embeddable":true,"href":"https:\/\/fn.se\/stockholm\/wp-json\/wp\/v2\/tags?post=2968"}],"curies":[{"name":"wp","href":"https:\/\/api.w.org\/{rel}","templated":true}]}}