{"id":227,"date":"2016-03-08T13:53:30","date_gmt":"2016-03-08T13:53:30","guid":{"rendered":"http:\/\/fn.se\/stenungsund-tjorn-och-orust\/?p=227"},"modified":"2016-12-08T13:56:28","modified_gmt":"2016-12-08T13:56:28","slug":"anna-quiroga-annu-ar-vi-inte-klara-med-jamstalldheten","status":"publish","type":"post","link":"https:\/\/fn.se\/stenungsund-tjorn-och-orust\/2016\/03\/08\/anna-quiroga-annu-ar-vi-inte-klara-med-jamstalldheten\/","title":{"rendered":"Anna Quiroga: &#8221;\u00c4nnu \u00e4r vi inte klara med j\u00e4mst\u00e4lldheten!&#8221;"},"content":{"rendered":"<p><em>Sedan 2000 har vi gjort stora framg\u00e5ngar inom kampen f\u00f6r j\u00e4mst\u00e4lldhet, men nu riktar vi blicken fram\u00e5t mot F\u00f6renta Nationernas nya j\u00e4mst\u00e4lldhetsm\u00e5l.<\/em><\/p>\n<p class=\"intro\"><em><img loading=\"lazy\" decoding=\"async\" class=\"alignright size-medium wp-image-117\" src=\"https:\/\/fn.se\/stenungsund-tjorn-och-orust\/wp-content\/uploads\/sites\/48\/2016\/10\/05-jamstalldhet-300x300.jpg\" alt=\"05-jamstalldhet\" width=\"300\" height=\"300\" srcset=\"https:\/\/fn.se\/stenungsund-tjorn-och-orust\/wp-content\/uploads\/sites\/48\/2016\/10\/05-jamstalldhet-300x300.jpg 300w, https:\/\/fn.se\/stenungsund-tjorn-och-orust\/wp-content\/uploads\/sites\/48\/2016\/10\/05-jamstalldhet-150x150.jpg 150w, https:\/\/fn.se\/stenungsund-tjorn-och-orust\/wp-content\/uploads\/sites\/48\/2016\/10\/05-jamstalldhet-320x320.jpg 320w, https:\/\/fn.se\/stenungsund-tjorn-och-orust\/wp-content\/uploads\/sites\/48\/2016\/10\/05-jamstalldhet.jpg 700w\" sizes=\"auto, (max-width: 300px) 100vw, 300px\" \/><\/em><\/p>\n<p dir=\"ltr\">Den 8 mars \u00e4r den internationella kvinnodagen, en dag att hylla v\u00e4rldens kvinnor, men ocks\u00e5 f\u00f6r att uppm\u00e4rksamma deras situation och hur vi kan g\u00f6ra den mer j\u00e4mst\u00e4lld.<\/p>\n<p dir=\"ltr\">F\u00f6rra \u00e5ret avslutades arbetet med F\u00f6renta Nationernas Millenniem\u00e5l som fastst\u00e4lldes \u00e5r 2000. Det tredje m\u00e5let handlade specifikt om att \u00f6ka j\u00e4mst\u00e4lldheten mellan kvinnor och m\u00e4n. Ett exempel p\u00e5 en f\u00f6rb\u00e4ttring vad g\u00e4ller j\u00e4mst\u00e4lldheten \u00e4r skol\u00e5ng i Asien, d\u00e4r det \u00e5r 1990 gick 74 flickor per 100 pojkar i skolan. Idag har den siffran stigit till 103 flickor.<\/p>\n<p dir=\"ltr\">Men \u00e4nnu finns det mycket kvar att g\u00f6ra. Bland de nya <a href=\"http:\/\/www.globalamalen.se\/\">globala m\u00e5len<\/a> f\u00f6r h\u00e5llbar utveckling som antogs av FN i \u00e5r, \u00e4r nummer fem speciellt inriktad p\u00e5 att uppn\u00e5 j\u00e4mst\u00e4lldhet, och alla kvinnors och flickors egenmakt. Det Svenska FN-f\u00f6rbundet arbetar aktivt f\u00f6r det h\u00e4r m\u00e5let, bland annat genom <a href=\"http:\/\/www.fn.se\/flicka\">kampanjen Flicka<\/a>, som \u00e4r till f\u00f6r att motverka barn\u00e4ktenskap och k\u00f6nstympning av kvinnor. Om vi inte f\u00f6r\u00e4ndrar situationen kommer 142 miljoner barn\u00e4ktenskap ing\u00e5s innan \u00e5r 2020, det \u00e4r ca 39 000 flickor varje dag.<\/p>\n<p dir=\"ltr\">Genom att st\u00f6tta FN-F\u00f6rbundets kampanjer kan \u00e4ven du vara med och p\u00e5verka j\u00e4mst\u00e4lldheten i v\u00e4rlden.<\/p>\n<p dir=\"ltr\">Tillsammans hyllar vi v\u00e4rldens kvinnor den 8 mars. Tillsammans kan vi st\u00e4rka kvinnors situation i samh\u00e4llet genom att uppm\u00e4rksamma deras situation. Tillsammans jobbar vi f\u00f6r att g\u00f6ra den mer j\u00e4mst\u00e4lld.<\/p>\n<p dir=\"ltr\"><em>Anna Quiroga (se toppbilden), STO-FN f\u00f6rening, Ins\u00e4ndare i Lokaltidningen STO, 8 mars 2016<\/em><\/p>\n","protected":false},"excerpt":{"rendered":"<p>Sedan 2000 har vi gjort stora framg\u00e5ngar inom kampen f\u00f6r j\u00e4mst\u00e4lldhet, men nu riktar vi blicken fram\u00e5t mot F\u00f6renta Nationernas&hellip;<\/p>\n","protected":false},"author":85,"featured_media":228,"comment_status":"open","ping_status":"open","sticky":false,"template":"","format":"standard","meta":{"_acf_changed":false,"footnotes":"","_links_to":"","_links_to_target":""},"categories":[1],"tags":[],"class_list":["post-227","post","type-post","status-publish","format-standard","has-post-thumbnail","hentry","category-uncategorized"],"acf":[],"_links":{"self":[{"href":"https:\/\/fn.se\/stenungsund-tjorn-och-orust\/wp-json\/wp\/v2\/posts\/227","targetHints":{"allow":["GET"]}}],"collection":[{"href":"https:\/\/fn.se\/stenungsund-tjorn-och-orust\/wp-json\/wp\/v2\/posts"}],"about":[{"href":"https:\/\/fn.se\/stenungsund-tjorn-och-orust\/wp-json\/wp\/v2\/types\/post"}],"author":[{"embeddable":true,"href":"https:\/\/fn.se\/stenungsund-tjorn-och-orust\/wp-json\/wp\/v2\/users\/85"}],"replies":[{"embeddable":true,"href":"https:\/\/fn.se\/stenungsund-tjorn-och-orust\/wp-json\/wp\/v2\/comments?post=227"}],"version-history":[{"count":2,"href":"https:\/\/fn.se\/stenungsund-tjorn-och-orust\/wp-json\/wp\/v2\/posts\/227\/revisions"}],"predecessor-version":[{"id":230,"href":"https:\/\/fn.se\/stenungsund-tjorn-och-orust\/wp-json\/wp\/v2\/posts\/227\/revisions\/230"}],"wp:featuredmedia":[{"embeddable":true,"href":"https:\/\/fn.se\/stenungsund-tjorn-och-orust\/wp-json\/wp\/v2\/media\/228"}],"wp:attachment":[{"href":"https:\/\/fn.se\/stenungsund-tjorn-och-orust\/wp-json\/wp\/v2\/media?parent=227"}],"wp:term":[{"taxonomy":"category","embeddable":true,"href":"https:\/\/fn.se\/stenungsund-tjorn-och-orust\/wp-json\/wp\/v2\/categories?post=227"},{"taxonomy":"post_tag","embeddable":true,"href":"https:\/\/fn.se\/stenungsund-tjorn-och-orust\/wp-json\/wp\/v2\/tags?post=227"}],"curies":[{"name":"wp","href":"https:\/\/api.w.org\/{rel}","templated":true}]}}