{"id":171,"date":"2016-10-24T20:49:57","date_gmt":"2016-10-24T20:49:57","guid":{"rendered":"http:\/\/fn.se\/stenungsund-tjorn-och-orust\/?p=171"},"modified":"2016-12-07T21:04:30","modified_gmt":"2016-12-07T21:04:30","slug":"fn-dagen-pa-nosnasgymnasiet","status":"publish","type":"post","link":"https:\/\/fn.se\/stenungsund-tjorn-och-orust\/2016\/10\/24\/fn-dagen-pa-nosnasgymnasiet\/","title":{"rendered":"FN-dagen p\u00e5 N\u00f6sn\u00e4sgymnasiet"},"content":{"rendered":"<p>P\u00e5 N\u00f6sn\u00e4sgymnasiet i Stenungsund uppm\u00e4rksammades \u00e5rets FN-dag 24 oktober\u00a0med aktiviteter\u00a0som lyfte\u00a0internationella och globala utmaningar.<\/p>\n<p>Bland\u00a0eleverna som deltog\u00a0fanns m\u00e5nga ungdomar med bakgrund i Afghanistan. Flera av dessa framf\u00f6rde fina s\u00e5nger och tal med ber\u00e4ttelser fr\u00e5n Afghanistan och om sin resa till och in i Sverige. Ber\u00e4ttelserna andades oro inf\u00f6r en oviss framtid, men ocks\u00e5 hopp och tacksamhet.<\/p>\n<p>Andra elever lyfte olika m\u00e4nskliga r\u00e4ttigheter, bland annat flickors och kvinnors r\u00e4ttigheter.<\/p>\n<p>Petter \u00d6lmunger fr\u00e5n v\u00e5r styrelse var inbjuden f\u00f6r att h\u00e5lla ett f\u00f6redrag om F\u00f6renta Nationerna i gymnasiets aula.\u00a0Ett 30-tal elever var samlade och fick h\u00f6ra om bakgrunden till organisationen, dess struktur i grunddrag och n\u00e5gra av de utmaningar som FN st\u00e5r inf\u00f6r.<\/p>\n<p>Kul och viktigt att N\u00f6sn\u00e4sgymnasiet uppm\u00e4rksammar FN-dagen! Tack f\u00f6r att vi fick vara med p\u00e5 ett h\u00f6rn!<\/p>\n<p>P\u00e5 bilden ovan: Petter \u00d6lmunger tillsammans med\u00a0Jonna Vernersson fr\u00e5n N\u00f6sn\u00e4sgymnasiets samh\u00e4llsprogram med global inriktning, arrang\u00f6r och v\u00e4rd f\u00f6r dagen.<\/p>\n","protected":false},"excerpt":{"rendered":"<p>P\u00e5 N\u00f6sn\u00e4sgymnasiet i Stenungsund uppm\u00e4rksammades \u00e5rets FN-dag 24 oktober\u00a0med aktiviteter\u00a0som lyfte\u00a0internationella och globala utmaningar. Bland\u00a0eleverna som deltog\u00a0fanns m\u00e5nga ungdomar med&hellip;<\/p>\n","protected":false},"author":85,"featured_media":172,"comment_status":"open","ping_status":"open","sticky":false,"template":"","format":"standard","meta":{"_acf_changed":false,"footnotes":"","_links_to":"","_links_to_target":""},"categories":[1],"tags":[],"class_list":["post-171","post","type-post","status-publish","format-standard","has-post-thumbnail","hentry","category-uncategorized"],"acf":[],"_links":{"self":[{"href":"https:\/\/fn.se\/stenungsund-tjorn-och-orust\/wp-json\/wp\/v2\/posts\/171","targetHints":{"allow":["GET"]}}],"collection":[{"href":"https:\/\/fn.se\/stenungsund-tjorn-och-orust\/wp-json\/wp\/v2\/posts"}],"about":[{"href":"https:\/\/fn.se\/stenungsund-tjorn-och-orust\/wp-json\/wp\/v2\/types\/post"}],"author":[{"embeddable":true,"href":"https:\/\/fn.se\/stenungsund-tjorn-och-orust\/wp-json\/wp\/v2\/users\/85"}],"replies":[{"embeddable":true,"href":"https:\/\/fn.se\/stenungsund-tjorn-och-orust\/wp-json\/wp\/v2\/comments?post=171"}],"version-history":[{"count":1,"href":"https:\/\/fn.se\/stenungsund-tjorn-och-orust\/wp-json\/wp\/v2\/posts\/171\/revisions"}],"predecessor-version":[{"id":173,"href":"https:\/\/fn.se\/stenungsund-tjorn-och-orust\/wp-json\/wp\/v2\/posts\/171\/revisions\/173"}],"wp:featuredmedia":[{"embeddable":true,"href":"https:\/\/fn.se\/stenungsund-tjorn-och-orust\/wp-json\/wp\/v2\/media\/172"}],"wp:attachment":[{"href":"https:\/\/fn.se\/stenungsund-tjorn-och-orust\/wp-json\/wp\/v2\/media?parent=171"}],"wp:term":[{"taxonomy":"category","embeddable":true,"href":"https:\/\/fn.se\/stenungsund-tjorn-och-orust\/wp-json\/wp\/v2\/categories?post=171"},{"taxonomy":"post_tag","embeddable":true,"href":"https:\/\/fn.se\/stenungsund-tjorn-och-orust\/wp-json\/wp\/v2\/tags?post=171"}],"curies":[{"name":"wp","href":"https:\/\/api.w.org\/{rel}","templated":true}]}}